{"id":449,"date":"2019-05-04T00:21:25","date_gmt":"2019-05-03T22:21:25","guid":{"rendered":"https:\/\/b232.at\/wordpress\/?p=449"},"modified":"2022-06-19T11:22:17","modified_gmt":"2022-06-19T09:22:17","slug":"radfahrt-2","status":"publish","type":"post","link":"https:\/\/b232.at\/wordpress\/2019\/radfahrt-2\/","title":{"rendered":"B\u00fcrgerinitiative sagt auch bei Regen &#8222;Nein zur B232&#8220;"},"content":{"rendered":"\n<p>\nTrotz Regenwetter mehr als 50 besorgte B\u00fcrgerInnen aus Floridsdorf bei \nder Familien-Radfahrt gegen die Hochleistungsstra\u00dfe B232. \n\n<\/p>\n\n\n\n<figure class=\"wp-block-video\"><video height=\"480\" style=\"aspect-ratio: 848 \/ 480;\" width=\"848\" controls poster=\"https:\/\/b232.at\/wordpress\/wp-content\/uploads\/2019\/05\/Radfahrt_neinB232_2019.jpg\" src=\"https:\/\/b232.at\/wordpress\/wp-content\/uploads\/2019\/09\/B232_Radfahrt_07092019.mp4\"><\/video><figcaption>Video zur Radfahrt am Samstag 7. September 2019 gegen die B232<\/figcaption><\/figure>\n\n\n\n<p>Die Wetterprognose sagte str\u00f6menden Regen f\u00fcr die zweite Familien-Radfahrt der <strong>B\u00fcrgerinitiative<\/strong> &#8222;Nein zur B232&#8220; am <strong>Samstag den 7. September 2019<\/strong> voraus. Doch der Wettergott war gn\u00e4dig, und schenkte der Familien-<strong>Radfahrt<\/strong> entlang der Trasse der geplanten Hochleistungsstra\u00dfe eine kurze Regenpause. Mehr als 50 besorgte B\u00fcrgerInnen mit ihren Familien trafen sich bei der Angyalf\u00f6ldstrasse Ecke Hans-Czermak-Gasse und radelten dann gemeinsam \u00fcber den Theresa-Tauscher Park die Richard-Neutra-Gasse entlang. Nach dem Gaswerk Leopoldau ging es beim neu gepflanzten Wald der jungen WienerInnen vorbei \u00fcber die Draugasse bis zur Stadtwildnis Grellgasse. Die Stimmung unter den regenfest ausger\u00fcsteten Radelnden war gut, denn die B\u00fcrgerInnen sagen nicht nur bei Sch\u00f6nwetter &#8222;Nein zur B232&#8220;! Zum Abschluss wartete beim Ende der Draugasse das trockene <strong>Festzelt<\/strong>, wo die Radfahrt bei Speis und Trank gem\u00fctlich ausklang. <\/p>\n\n\n\n<p>\u201eWir wollen mit der Radfahrt mit unseren Kindern trotz Regenwetters zeigen, dass es der B\u00fcrgerinitiative mit Ihrem Widerstand gegen die Hochleistungsstra\u00dfe B232 sehr Ernst ist! Die B232 zieht nur neuen Pendlerverkehr aus Nieder\u00f6sterreich an, der dann im Donaufeld das Verkehrschaos noch mehr verst\u00e4rkt.\u201c so f\u00fchrende Vertreter der B\u00fcrgerinitiative &#8222;Nein zur B232&#8220; beim Start der Radfahrt sowie beim Zwischenstopp im Theresa-Tauscher Park. \u201eWir werden so lange weiter Unterschriften gegen die Hochleistungsstra\u00dfe sammeln bis die B232 aus dem Wiener Stra\u00dfengesetz und dem Fl\u00e4chenwidmungsplan entfernt ist.\u201c zeigt sich die B\u00fcrgerinitiative entschlossen.<\/p>\n\n\n\n<figure class=\"wp-block-image\"><img loading=\"lazy\" decoding=\"async\" width=\"510\" height=\"340\" src=\"https:\/\/b232.at\/wordpress\/wp-content\/uploads\/2019\/05\/Radfahrt_neinB232_2019_Bild3-510x340.jpg\" alt=\"\" class=\"wp-image-549\" srcset=\"https:\/\/b232.at\/wordpress\/wp-content\/uploads\/2019\/05\/Radfahrt_neinB232_2019_Bild3-510x340.jpg 510w, https:\/\/b232.at\/wordpress\/wp-content\/uploads\/2019\/05\/Radfahrt_neinB232_2019_Bild3-255x170.jpg 255w, https:\/\/b232.at\/wordpress\/wp-content\/uploads\/2019\/05\/Radfahrt_neinB232_2019_Bild3-120x80.jpg 120w, https:\/\/b232.at\/wordpress\/wp-content\/uploads\/2019\/05\/Radfahrt_neinB232_2019_Bild3.jpg 570w\" sizes=\"auto, (max-width: 510px) 100vw, 510px\" \/><figcaption>Trotz Regenwetters fanden sich mehr als 50 besorgte FloridsdorferInnen beim Startpunkt ein<\/figcaption><\/figure>\n\n\n\n<figure class=\"wp-block-image\"><img loading=\"lazy\" decoding=\"async\" width=\"510\" height=\"340\" src=\"https:\/\/b232.at\/wordpress\/wp-content\/uploads\/2019\/05\/Radfahrt_neinB232_2019_Bild4-510x340.jpg\" alt=\"\" class=\"wp-image-547\" srcset=\"https:\/\/b232.at\/wordpress\/wp-content\/uploads\/2019\/05\/Radfahrt_neinB232_2019_Bild4-510x340.jpg 510w, https:\/\/b232.at\/wordpress\/wp-content\/uploads\/2019\/05\/Radfahrt_neinB232_2019_Bild4-255x170.jpg 255w, https:\/\/b232.at\/wordpress\/wp-content\/uploads\/2019\/05\/Radfahrt_neinB232_2019_Bild4-120x80.jpg 120w, https:\/\/b232.at\/wordpress\/wp-content\/uploads\/2019\/05\/Radfahrt_neinB232_2019_Bild4.jpg 570w\" sizes=\"auto, (max-width: 510px) 100vw, 510px\" \/><figcaption>Neues Wohnen an der vierspurigen Hochleistungsstra\u00dfe B232 in der Hans-Czermak-Gasse<\/figcaption><\/figure>\n\n\n\n<figure class=\"wp-block-image\"><img loading=\"lazy\" decoding=\"async\" width=\"510\" height=\"340\" src=\"https:\/\/b232.at\/wordpress\/wp-content\/uploads\/2019\/05\/Radfahrt_neinB232_2019_Bild2-510x340.jpg\" alt=\"\" class=\"wp-image-545\" srcset=\"https:\/\/b232.at\/wordpress\/wp-content\/uploads\/2019\/05\/Radfahrt_neinB232_2019_Bild2-510x340.jpg 510w, https:\/\/b232.at\/wordpress\/wp-content\/uploads\/2019\/05\/Radfahrt_neinB232_2019_Bild2-255x170.jpg 255w, https:\/\/b232.at\/wordpress\/wp-content\/uploads\/2019\/05\/Radfahrt_neinB232_2019_Bild2-120x80.jpg 120w, https:\/\/b232.at\/wordpress\/wp-content\/uploads\/2019\/05\/Radfahrt_neinB232_2019_Bild2.jpg 570w\" sizes=\"auto, (max-width: 510px) 100vw, 510px\" \/><figcaption>Mit guter Stimmung ging es die Richard-Neutra-Gasse entlang<\/figcaption><\/figure>\n\n\n\n<p><\/p>\n","protected":false},"excerpt":{"rendered":"<p>Trotz Regenwetter mehr als 50 besorgte B\u00fcrgerInnen aus Floridsdorf bei der Familien-Radfahrt gegen die Hochleistungsstra\u00dfe B232. Die Wetterprognose sagte str\u00f6menden<\/p>\n","protected":false},"author":3,"featured_media":544,"comment_status":"closed","ping_status":"closed","sticky":false,"template":"","format":"standard","meta":{"_seopress_robots_primary_cat":"none","_seopress_titles_title":"","_seopress_titles_desc":"","_seopress_robots_index":"","footnotes":""},"categories":[39,1],"tags":[76,53,51],"class_list":["post-449","post","type-post","status-publish","format-standard","has-post-thumbnail","hentry","category-aktiv-werden","category-allgemein","tag-familien","tag-fest","tag-radfahrt","rsfv-has-video"],"_links":{"self":[{"href":"https:\/\/b232.at\/wordpress\/wp-json\/wp\/v2\/posts\/449","targetHints":{"allow":["GET"]}}],"collection":[{"href":"https:\/\/b232.at\/wordpress\/wp-json\/wp\/v2\/posts"}],"about":[{"href":"https:\/\/b232.at\/wordpress\/wp-json\/wp\/v2\/types\/post"}],"author":[{"embeddable":true,"href":"https:\/\/b232.at\/wordpress\/wp-json\/wp\/v2\/users\/3"}],"replies":[{"embeddable":true,"href":"https:\/\/b232.at\/wordpress\/wp-json\/wp\/v2\/comments?post=449"}],"version-history":[{"count":3,"href":"https:\/\/b232.at\/wordpress\/wp-json\/wp\/v2\/posts\/449\/revisions"}],"predecessor-version":[{"id":1405,"href":"https:\/\/b232.at\/wordpress\/wp-json\/wp\/v2\/posts\/449\/revisions\/1405"}],"wp:featuredmedia":[{"embeddable":true,"href":"https:\/\/b232.at\/wordpress\/wp-json\/wp\/v2\/media\/544"}],"wp:attachment":[{"href":"https:\/\/b232.at\/wordpress\/wp-json\/wp\/v2\/media?parent=449"}],"wp:term":[{"taxonomy":"category","embeddable":true,"href":"https:\/\/b232.at\/wordpress\/wp-json\/wp\/v2\/categories?post=449"},{"taxonomy":"post_tag","embeddable":true,"href":"https:\/\/b232.at\/wordpress\/wp-json\/wp\/v2\/tags?post=449"}],"curies":[{"name":"wp","href":"https:\/\/api.w.org\/{rel}","templated":true}]}}