{"id":312,"date":"2018-10-04T11:17:45","date_gmt":"2018-10-04T09:17:45","guid":{"rendered":"http:\/\/b232.at\/?p=312"},"modified":"2021-01-15T20:52:56","modified_gmt":"2021-01-15T19:52:56","slug":"erntedank-leopoldau","status":"publish","type":"post","link":"https:\/\/b232.at\/wordpress\/2018\/erntedank-leopoldau\/","title":{"rendered":"(Ernte)Dank f\u00fcr 1.000 Unterschriften!"},"content":{"rendered":"\n<p>Die BI \u201eNein zur B232\u201c war mit einem Wagen beim <strong>Erntedank<\/strong> Festumzug in <strong>Leopoldau<\/strong> am Sonntag den 30. September mit dabei und sagte Danke f\u00fcr mehr als 1.000 Unterschriften.<\/p>\n\n\n\n<p>Bei strahlendem Herbstsonnenschein fand am Sonntag den 30. September 2018 in Leopoldau das traditionelle Erntedankfest statt mit einem Umzug und Corso aus Traktoren und historischen Fahrzeugen. Heuer war auch die B\u00fcrgerinitiative \u201eNein zur B232\u201c mit einem Steyr 545 und einem geschm\u00fcckten Wagen mit dabei.<\/p>\n\n\n\n<p>Die Kinder &#8211; als Stimmen der Zukunft &#8211; waren ganz begeistert vom festlich geschm\u00fcckten Wagen und versorgten die Besucher mit Zuckerl. F\u00fcr die B\u00fcrgerinitiative war das Erntedankfest eine gute Gelegenheit gegen die <strong>Bodenversiegelung<\/strong> durch den Bau der Hochleistungsstra\u00dfe B232 sowie f\u00fcr den <a href=\"https:\/\/b232.at\/wordpress\/2018\/bodenversiegelung\/\"><strong>Bodenschutz in Wien<\/strong><\/a> zu werben und sich f\u00fcr die Unterst\u00fctzung der 1.000 Unterzeichner unserer Petition zu bedanken.<\/p>\n\n\n\n<figure class=\"wp-block-image\"><img loading=\"lazy\" decoding=\"async\" width=\"270\" height=\"170\" src=\"https:\/\/b232.at\/wordpress\/wp-content\/uploads\/2018\/05\/Erntedank_neinB232_2018-270x170.jpg\" alt=\"\" class=\"wp-image-413\" srcset=\"https:\/\/b232.at\/wordpress\/wp-content\/uploads\/2018\/05\/Erntedank_neinB232_2018-270x170.jpg 270w, https:\/\/b232.at\/wordpress\/wp-content\/uploads\/2018\/05\/Erntedank_neinB232_2018.jpg 540w, https:\/\/b232.at\/wordpress\/wp-content\/uploads\/2018\/05\/Erntedank_neinB232_2018-135x85.jpg 135w\" sizes=\"auto, (max-width: 270px) 100vw, 270px\" \/><\/figure>\n\n\n\n<figure class=\"wp-block-image\"><img loading=\"lazy\" decoding=\"async\" width=\"270\" height=\"170\" src=\"https:\/\/b232.at\/wordpress\/wp-content\/uploads\/2018\/10\/Erntedank2_neinB232_2018-270x170.jpg\" alt=\"\" class=\"wp-image-419\" srcset=\"https:\/\/b232.at\/wordpress\/wp-content\/uploads\/2018\/10\/Erntedank2_neinB232_2018-270x170.jpg 270w, https:\/\/b232.at\/wordpress\/wp-content\/uploads\/2018\/10\/Erntedank2_neinB232_2018.jpg 540w, https:\/\/b232.at\/wordpress\/wp-content\/uploads\/2018\/10\/Erntedank2_neinB232_2018-135x85.jpg 135w\" sizes=\"auto, (max-width: 270px) 100vw, 270px\" \/><\/figure>\n\n\n\n<figure class=\"wp-block-image\"><img loading=\"lazy\" decoding=\"async\" width=\"270\" height=\"170\" src=\"https:\/\/b232.at\/wordpress\/wp-content\/uploads\/2018\/10\/Erntedank3_neinB232_2018-270x170.jpg\" alt=\"\" class=\"wp-image-420\" srcset=\"https:\/\/b232.at\/wordpress\/wp-content\/uploads\/2018\/10\/Erntedank3_neinB232_2018-270x170.jpg 270w, https:\/\/b232.at\/wordpress\/wp-content\/uploads\/2018\/10\/Erntedank3_neinB232_2018.jpg 540w, https:\/\/b232.at\/wordpress\/wp-content\/uploads\/2018\/10\/Erntedank3_neinB232_2018-135x85.jpg 135w\" sizes=\"auto, (max-width: 270px) 100vw, 270px\" \/><\/figure>\n","protected":false},"excerpt":{"rendered":"<p>Die BI \u201eNein zur B232\u201c war mit einem Wagen beim Erntedank Festumzug in Leopoldau am Sonntag den 30. September mit<\/p>\n","protected":false},"author":2,"featured_media":314,"comment_status":"closed","ping_status":"closed","sticky":false,"template":"","format":"standard","meta":{"_seopress_robots_primary_cat":"none","_seopress_titles_title":"%%post_title%% %%sep%% %%sitetitle%%","_seopress_titles_desc":"%%post_excerpt%%","_seopress_robots_index":"","footnotes":""},"categories":[39],"tags":[65,64,70,72,71],"class_list":["post-312","post","type-post","status-publish","format-standard","has-post-thumbnail","hentry","category-aktiv-werden","tag-bodenschutz","tag-bodenversiegelung","tag-erntedank","tag-erntedank-leopoldau","tag-leopoldau","rsfv-has-video"],"_links":{"self":[{"href":"https:\/\/b232.at\/wordpress\/wp-json\/wp\/v2\/posts\/312","targetHints":{"allow":["GET"]}}],"collection":[{"href":"https:\/\/b232.at\/wordpress\/wp-json\/wp\/v2\/posts"}],"about":[{"href":"https:\/\/b232.at\/wordpress\/wp-json\/wp\/v2\/types\/post"}],"author":[{"embeddable":true,"href":"https:\/\/b232.at\/wordpress\/wp-json\/wp\/v2\/users\/2"}],"replies":[{"embeddable":true,"href":"https:\/\/b232.at\/wordpress\/wp-json\/wp\/v2\/comments?post=312"}],"version-history":[{"count":3,"href":"https:\/\/b232.at\/wordpress\/wp-json\/wp\/v2\/posts\/312\/revisions"}],"predecessor-version":[{"id":964,"href":"https:\/\/b232.at\/wordpress\/wp-json\/wp\/v2\/posts\/312\/revisions\/964"}],"wp:featuredmedia":[{"embeddable":true,"href":"https:\/\/b232.at\/wordpress\/wp-json\/wp\/v2\/media\/314"}],"wp:attachment":[{"href":"https:\/\/b232.at\/wordpress\/wp-json\/wp\/v2\/media?parent=312"}],"wp:term":[{"taxonomy":"category","embeddable":true,"href":"https:\/\/b232.at\/wordpress\/wp-json\/wp\/v2\/categories?post=312"},{"taxonomy":"post_tag","embeddable":true,"href":"https:\/\/b232.at\/wordpress\/wp-json\/wp\/v2\/tags?post=312"}],"curies":[{"name":"wp","href":"https:\/\/api.w.org\/{rel}","templated":true}]}}