{"id":284,"date":"2022-07-20T20:58:00","date_gmt":"2022-07-20T18:58:00","guid":{"rendered":"http:\/\/b232.at\/?p=284"},"modified":"2022-07-23T15:47:03","modified_gmt":"2022-07-23T13:47:03","slug":"bodenversiegelung","status":"publish","type":"post","link":"https:\/\/b232.at\/wordpress\/2022\/bodenversiegelung\/","title":{"rendered":"B232 versiegelt \u00fcber 90.000 Quadratmeter wertvollen Boden"},"content":{"rendered":"\n<p>\u00d6sterreich ist Europameister bei der Bodenversiegelung. Nirgends gibt es derart viele Einkaufszentren, Parkpl\u00e4tze, Stra\u00dfen und leerstehende Industrie- und Gewerbeimmobilien wie in \u00d6sterreich. Fl\u00e4chen, die versiegelt sind, und somit kein Wasser aufnehmen und kein CO2 speichern k\u00f6nnen.<\/p>\n\n\n\n<h3 class=\"wp-block-heading\"><b>18 Meter breite Hochleistungsstra\u00dfe B232<\/b><\/h3>\n\n\n\n<p>T\u00e4glich werden in \u00d6sterreich 20 Fussballfelder zubetoniert. \u00d6sterreich hat mit <a href=\"https:\/\/www.hagel.at\/initiativen\/bodenverbrauch\/\">15 Meter pro Einwohner<\/a> eines der dichtesten Stra\u00dfennetze. Im Vergleich dazu liegen Deutschland mit 7,9 Meter und die Schweiz mit 8,1 Meter pro Einwohner deutlich besser. Mit dem Bau der Hochleistungsstra\u00dfe B232 wird dies noch schlimmer. Die inklusive Gehsteige \u00fcber 18 Meter breite vierspurige B232 w\u00fcrde auf der L\u00e4nge von 5 Kilometer <a href=\"https:\/\/b232.at\/wordpress\/wp-content\/uploads\/2022\/05\/Baukostenabschaetzung_B232.pdf\">mindestens 90.000 m\u00b2 Bodenfl\u00e4che<\/a> dauerhaft versiegeln.<\/p>\n\n\n\n<p>Besonders in Floridsdorf mit seiner wachsenden Bev\u00f6lkerung sind ausgleichende Gr\u00fcnfl\u00e4che und Naherholungsgebiete mehr als notwendig. Die negativen Auswirkungen des Klimawandels wie Starkregenereignisse und Hitzeinseln werden durch die Bodenversiegelung beim Bau der B232 lokal noch st\u00e4rker zu sp\u00fcren sein.<\/p>\n\n\n\n<h3 class=\"wp-block-heading\"><strong>Hitzetage nehmen zu<\/strong><\/h3>\n\n\n\n<p>Die Hitzetage nehmen durch die Klimakrise zu, besonders in St\u00e4dten. Die Hitzebelastung wird verst\u00e4rkt durch die massive Versiegelung der B\u00f6den, zu wenig Gr\u00fcnfl\u00e4chen und die Ableitung des Niederschlagswassers in Kan\u00e4le und Sickersch\u00e4chte, wodurch keine nat\u00fcrliche Verdunstung stattfindet.<\/p>\n\n\n\n<div class=\"wp-block-media-text alignwide is-stacked-on-mobile\"><figure class=\"wp-block-media-text__media\"><a href=\"https:\/\/www.vcoe.at\/hitzeinseln\"><img loading=\"lazy\" decoding=\"async\" width=\"540\" height=\"340\" src=\"https:\/\/b232.at\/wordpress\/wp-content\/uploads\/2022\/07\/VCOE_Hitzeinseln_2022_540x340-540x340.png\" alt=\"\" class=\"wp-image-1458 size-full\" srcset=\"https:\/\/b232.at\/wordpress\/wp-content\/uploads\/2022\/07\/VCOE_Hitzeinseln_2022_540x340.png 540w, https:\/\/b232.at\/wordpress\/wp-content\/uploads\/2022\/07\/VCOE_Hitzeinseln_2022_540x340-270x170.png 270w, https:\/\/b232.at\/wordpress\/wp-content\/uploads\/2022\/07\/VCOE_Hitzeinseln_2022_540x340-135x85.png 135w\" sizes=\"auto, (max-width: 540px) 100vw, 540px\" \/><\/a><\/figure><div class=\"wp-block-media-text__content\">\n<p>Die Abw\u00e4rme des Kfz-Verkehrs versch\u00e4rft diesen Effekt. Wie der <a rel=\"noreferrer noopener\" href=\"https:\/\/www.vcoe.at\/hitzeinseln\" target=\"_blank\">VC\u00d6<\/a> ausgf\u00fchrlich aufbereitet hat, reduzieren B\u00e4ume und Gr\u00fcn die Hitzeinseln besonders f\u00fcr Anrainer und Anrainerinnen. Darum ist ein Umdenken dringend notwendig, wenn wir durch mehr Beton der vierspurigen Hochleistungsstra\u00dfe B232 nicht noch mehr Tropentage in Wien erzeugen wollen.<\/p>\n<\/div><\/div>\n\n\n\n<p><b>Zukunft unserer Kinder nicht verbauen<\/b><\/p>\n\n\n\n<p><a href=\"https:\/\/www.hagel.at\/presseaussendungen\/wir-verlieren-den-boden-unter-unseren-fuessen-oesterreich-ein-land-ohne-aecker-zukunftslos\/\">Namhafte Pers\u00f6nlichkeiten<\/a> rufen zum <strong>Bodenschutz<\/strong> und f\u00fcr eine bodenschonenden Raum- und Verkehrsplanung auf, damit wir die Zukunft unserer Kinder nicht verbauen. Wien ist eine der letzten Gro\u00dfst\u00e4dte mit Landwirtschaft und das macht unsere Lebensqualit\u00e4t in Floridsdorf aus. Die letzten Agrarfl\u00e4chen in Floridsdorf sollen nicht einer sinnlosen Hochleistungsstra\u00dfe zum Opfer fallen, darum sagen wir stopp zur <strong>Bodenversiegelung<\/strong> und <a href=\"https:\/\/b232.at\/wordpress\/unterschreiben\/\">NEIN zur B232 in Floridsdorf<\/a>!<\/p>\n","protected":false},"excerpt":{"rendered":"<p>\u00d6sterreich ist Europameister bei der Bodenversiegelung. Nirgends gibt es derart viele Einkaufszentren, Parkpl\u00e4tze, Stra\u00dfen und leerstehende Industrie- und Gewerbeimmobilien wie<\/p>\n","protected":false},"author":1,"featured_media":411,"comment_status":"closed","ping_status":"closed","sticky":false,"template":"","format":"standard","meta":{"_seopress_robots_primary_cat":"none","_seopress_titles_title":"%%post_title%%","_seopress_titles_desc":"%%post_excerpt%%","_seopress_robots_index":"","footnotes":""},"categories":[35],"tags":[12,65,64,57,66],"class_list":["post-284","post","type-post","status-publish","format-standard","has-post-thumbnail","hentry","category-b232","tag-b232","tag-bodenschutz","tag-bodenversiegelung","tag-gruenguertel","tag-landwirtschaft"],"_links":{"self":[{"href":"https:\/\/b232.at\/wordpress\/wp-json\/wp\/v2\/posts\/284","targetHints":{"allow":["GET"]}}],"collection":[{"href":"https:\/\/b232.at\/wordpress\/wp-json\/wp\/v2\/posts"}],"about":[{"href":"https:\/\/b232.at\/wordpress\/wp-json\/wp\/v2\/types\/post"}],"author":[{"embeddable":true,"href":"https:\/\/b232.at\/wordpress\/wp-json\/wp\/v2\/users\/1"}],"replies":[{"embeddable":true,"href":"https:\/\/b232.at\/wordpress\/wp-json\/wp\/v2\/comments?post=284"}],"version-history":[{"count":2,"href":"https:\/\/b232.at\/wordpress\/wp-json\/wp\/v2\/posts\/284\/revisions"}],"predecessor-version":[{"id":1459,"href":"https:\/\/b232.at\/wordpress\/wp-json\/wp\/v2\/posts\/284\/revisions\/1459"}],"wp:featuredmedia":[{"embeddable":true,"href":"https:\/\/b232.at\/wordpress\/wp-json\/wp\/v2\/media\/411"}],"wp:attachment":[{"href":"https:\/\/b232.at\/wordpress\/wp-json\/wp\/v2\/media?parent=284"}],"wp:term":[{"taxonomy":"category","embeddable":true,"href":"https:\/\/b232.at\/wordpress\/wp-json\/wp\/v2\/categories?post=284"},{"taxonomy":"post_tag","embeddable":true,"href":"https:\/\/b232.at\/wordpress\/wp-json\/wp\/v2\/tags?post=284"}],"curies":[{"name":"wp","href":"https:\/\/api.w.org\/{rel}","templated":true}]}}