{"id":1407,"date":"2022-09-12T12:41:00","date_gmt":"2022-09-12T10:41:00","guid":{"rendered":"https:\/\/b232.at\/wordpress\/?p=1407"},"modified":"2023-03-05T09:18:37","modified_gmt":"2023-03-05T08:18:37","slug":"radfahrt-5","status":"publish","type":"post","link":"https:\/\/b232.at\/wordpress\/2022\/radfahrt-5\/","title":{"rendered":"B\u00fcrgerinitiative radelte zum f\u00fcnften Mal gegen den Bau der Hochleistungsstra\u00dfe"},"content":{"rendered":"\n<p>Bei heraufziehender Sturmfront radelten 75 besorgte B\u00fcrgerinnen und B\u00fcrger aus <strong>Floridsdorf<\/strong> entlang der Trasse der <strong>vierspurigen Hochleistungsstra\u00dfe B232<\/strong> und machten klar:<strong> soziale und leistbare Mobilit\u00e4t<\/strong> = mehr \u00d6ffis, mehr Radwege, mehr Gehwege<\/p>\n\n\n\n<iframe loading=\"lazy\" width=\"560\" height=\"315\" src=\"https:\/\/www.youtube-nocookie.com\/embed\/DFw0fMWW7MM\" title=\"YouTube video player\" frameborder=\"0\" allow=\"accelerometer; autoplay; clipboard-write; encrypted-media; gyroscope; picture-in-picture; web-share\" allowfullscreen><\/iframe>\n\n\n\n<p>Bei dunklem bis wechselhaften Himmel versammelten sich 75 besorgte Br\u00fcgerinnen und B\u00fcrger \u2013 vom Kleinkind bis zur Oma und vom Bauarbeiter bis zur Lehrerin \u2013 zur f\u00fcnften Familien-Radfahrt der B\u00fcrgerinitiative `NEIN zur B232` am Samstag den 10. September 2022.<\/p>\n\n\n\n<p>Dass die Politik beim Bau der Hochleistungsstrasse B232 nun auf die Salamitaktik setzt, zeigte sich gleich beim Start der Radfahrt. Im Juni 2021 wurde der Bau der B232 in der Hans-Czermak-Gasse beschlossen, im Herbst 2021 wurde die Gasse schon umgebaut. Die ersten der 300 Meter Hochleistungsstrasse B232 <a rel=\"noreferrer noopener\" href=\"https:\/\/b232.at\/wordpress\/2021\/faktencheck-b232\/\" target=\"_blank\">als Vorrangstra\u00dfe \u201ezur Beschleunigung des Durchzugsverkehrs\u201c<\/a> ohne <strong>B\u00fcrgerbeteiligung<\/strong> brachte die bef\u00fcrchtete <a rel=\"noreferrer noopener\" href=\"https:\/\/b232.at\/wordpress\/2021\/300meter-hochleistungsstrasse\/\" target=\"_blank\">Bodenversiegelung<\/a>.<\/p>\n\n\n\n<blockquote class=\"wp-block-quote is-layout-flow wp-block-quote-is-layout-flow\">\n<p>&#8222;Der Ausbau der Hochleistungsstrasse B232 zeigt klar: Beteiligung der Anrainerinnen, Anrainer und Bewohnenden vor Ort ist ein Lippenbekenntnis.&#8220;<\/p>\n<cite><em>B\u00fcrgerinitiative \u201eNEIN zur B232\u201c<\/em><\/cite><\/blockquote>\n\n\n\n<p>Die <strong>Teuerung<\/strong> schl\u00e4gt 2022 als Folge des Erdgaskriegs in der Ukraine mit voller Wucht zu. Da sind von der Politik treffsichere Ma\u00dfnahmen f\u00fcr Menschen mit niedrigem Einkommen gefragter denn je. Klar ist auch, dass der Bau der vierspurigen Hochleistungsstrasse B232 durch Floridsdorfer Naherholungsgebiete nicht <a href=\"https:\/\/b232.at\/wordpress\/2022\/leistbare-mobilitaet\/\">mehr leistbare Mobilit\u00e4t in Floridsdorf<\/a> bringt.<\/p>\n\n\n\n<div class=\"wp-block-group\"><div class=\"wp-block-group__inner-container is-layout-flow wp-block-group-is-layout-flow\">\n<figure class=\"wp-block-gallery has-nested-images columns-default is-cropped wp-block-gallery-1 is-layout-flex wp-block-gallery-is-layout-flex\">\n<figure class=\"wp-block-image size-large\"><img loading=\"lazy\" decoding=\"async\" width=\"540\" height=\"340\" data-id=\"1498\" src=\"https:\/\/b232.at\/wordpress\/wp-content\/uploads\/2022\/09\/Radfahrt2022_2_540_340.jpg\" alt=\"Start der Radfahrt in der Hans-Czermak-Gasse\" class=\"wp-image-1498\" srcset=\"https:\/\/b232.at\/wordpress\/wp-content\/uploads\/2022\/09\/Radfahrt2022_2_540_340.jpg 540w, https:\/\/b232.at\/wordpress\/wp-content\/uploads\/2022\/09\/Radfahrt2022_2_540_340-270x170.jpg 270w, https:\/\/b232.at\/wordpress\/wp-content\/uploads\/2022\/09\/Radfahrt2022_2_540_340-135x85.jpg 135w\" sizes=\"auto, (max-width: 540px) 100vw, 540px\" \/><figcaption class=\"wp-element-caption\">Start der Radfahrt in der Hans-Czermak-Gasse<\/figcaption><\/figure>\n\n\n\n<figure class=\"wp-block-image size-large\"><img loading=\"lazy\" decoding=\"async\" width=\"540\" height=\"340\" data-id=\"1518\" src=\"https:\/\/b232.at\/wordpress\/wp-content\/uploads\/2022\/09\/Radfahrt2022_7_540_340.jpg\" alt=\"Damit Fu\u00dfgehende wieder gr\u00fcn bekommen: NEIN zur B232\" class=\"wp-image-1518\" srcset=\"https:\/\/b232.at\/wordpress\/wp-content\/uploads\/2022\/09\/Radfahrt2022_7_540_340.jpg 540w, https:\/\/b232.at\/wordpress\/wp-content\/uploads\/2022\/09\/Radfahrt2022_7_540_340-270x170.jpg 270w, https:\/\/b232.at\/wordpress\/wp-content\/uploads\/2022\/09\/Radfahrt2022_7_540_340-135x85.jpg 135w\" sizes=\"auto, (max-width: 540px) 100vw, 540px\" \/><figcaption class=\"wp-element-caption\">Damit Fu\u00dfgehende wieder gr\u00fcn bekommen: NEIN zur B232<\/figcaption><\/figure>\n\n\n\n<figure class=\"wp-block-image size-large\"><img loading=\"lazy\" decoding=\"async\" width=\"540\" height=\"340\" data-id=\"1514\" src=\"https:\/\/b232.at\/wordpress\/wp-content\/uploads\/2022\/10\/Radfahrt2022_4_540_340-540x340.jpg\" alt=\"\" class=\"wp-image-1514\" srcset=\"https:\/\/b232.at\/wordpress\/wp-content\/uploads\/2022\/10\/Radfahrt2022_4_540_340.jpg 540w, https:\/\/b232.at\/wordpress\/wp-content\/uploads\/2022\/10\/Radfahrt2022_4_540_340-270x170.jpg 270w, https:\/\/b232.at\/wordpress\/wp-content\/uploads\/2022\/10\/Radfahrt2022_4_540_340-135x85.jpg 135w\" sizes=\"auto, (max-width: 540px) 100vw, 540px\" \/><figcaption class=\"wp-element-caption\">Immer ein Fixpunkt: der Stopp im Theresa-Tauscher-Park<\/figcaption><\/figure>\n\n\n\n<figure class=\"wp-block-image size-large\"><img loading=\"lazy\" decoding=\"async\" width=\"540\" height=\"340\" data-id=\"1515\" src=\"https:\/\/b232.at\/wordpress\/wp-content\/uploads\/2022\/10\/Radfahrt2022_5_540_340-540x340.jpg\" alt=\"\" class=\"wp-image-1515\" srcset=\"https:\/\/b232.at\/wordpress\/wp-content\/uploads\/2022\/10\/Radfahrt2022_5_540_340.jpg 540w, https:\/\/b232.at\/wordpress\/wp-content\/uploads\/2022\/10\/Radfahrt2022_5_540_340-270x170.jpg 270w, https:\/\/b232.at\/wordpress\/wp-content\/uploads\/2022\/10\/Radfahrt2022_5_540_340-135x85.jpg 135w\" sizes=\"auto, (max-width: 540px) 100vw, 540px\" \/><figcaption class=\"wp-element-caption\">NEIN zur B232 &#8211; damit unsere Kinder den Walder der jungen Wiener:innen weiter genie\u00dfen k\u00f6nnen<\/figcaption><\/figure>\n\n\n\n<figure class=\"wp-block-image size-large\"><img loading=\"lazy\" decoding=\"async\" width=\"540\" height=\"340\" data-id=\"1520\" src=\"https:\/\/b232.at\/wordpress\/wp-content\/uploads\/2022\/09\/Radfahrt2022_9_540_340.jpg\" alt=\"Besonders die Kinder hatten Spa\u00df beim Radfahren und in der \" class=\"wp-image-1520\" srcset=\"https:\/\/b232.at\/wordpress\/wp-content\/uploads\/2022\/09\/Radfahrt2022_9_540_340.jpg 540w, https:\/\/b232.at\/wordpress\/wp-content\/uploads\/2022\/09\/Radfahrt2022_9_540_340-270x170.jpg 270w, https:\/\/b232.at\/wordpress\/wp-content\/uploads\/2022\/09\/Radfahrt2022_9_540_340-135x85.jpg 135w\" sizes=\"auto, (max-width: 540px) 100vw, 540px\" \/><figcaption class=\"wp-element-caption\">Besonders die Kinder hatten Spa\u00df beim Radfahren und in der H\u00fcpfburg beim Abschlussfest<\/figcaption><\/figure>\n\n\n\n<figure class=\"wp-block-image size-large\"><img loading=\"lazy\" decoding=\"async\" width=\"540\" height=\"340\" data-id=\"1519\" src=\"https:\/\/b232.at\/wordpress\/wp-content\/uploads\/2022\/09\/Radfahrt2022_8_540_340.jpg\" alt=\"Gem\u00fctlicher Ausklang beim Fest mit H\u00fcpfburg und Speis&amp;Trank\" class=\"wp-image-1519\" srcset=\"https:\/\/b232.at\/wordpress\/wp-content\/uploads\/2022\/09\/Radfahrt2022_8_540_340.jpg 540w, https:\/\/b232.at\/wordpress\/wp-content\/uploads\/2022\/09\/Radfahrt2022_8_540_340-270x170.jpg 270w, https:\/\/b232.at\/wordpress\/wp-content\/uploads\/2022\/09\/Radfahrt2022_8_540_340-135x85.jpg 135w\" sizes=\"auto, (max-width: 540px) 100vw, 540px\" \/><figcaption class=\"wp-element-caption\">Gem\u00fctlicher Ausklang beim Fest mit H\u00fcpfburg und Speis&amp;Trank<\/figcaption><\/figure>\n\n\n\n<figure class=\"wp-block-image size-large\"><img loading=\"lazy\" decoding=\"async\" width=\"540\" height=\"340\" data-id=\"1499\" src=\"https:\/\/b232.at\/wordpress\/wp-content\/uploads\/2022\/09\/Radfahrt2022_3_540_340.jpg\" alt=\"Die Teilnehmenden lie\u00dfen sich nicht von den dunklen Wolken abschrecken\" class=\"wp-image-1499\" srcset=\"https:\/\/b232.at\/wordpress\/wp-content\/uploads\/2022\/09\/Radfahrt2022_3_540_340.jpg 540w, https:\/\/b232.at\/wordpress\/wp-content\/uploads\/2022\/09\/Radfahrt2022_3_540_340-270x170.jpg 270w, https:\/\/b232.at\/wordpress\/wp-content\/uploads\/2022\/09\/Radfahrt2022_3_540_340-135x85.jpg 135w\" sizes=\"auto, (max-width: 540px) 100vw, 540px\" \/><figcaption class=\"wp-element-caption\">Die Teilnehmenden lie\u00dfen sich nicht von den dunklen Wolken abschrecken<\/figcaption><\/figure>\n<\/figure>\n<\/div><\/div>\n\n\n\n<p>Wie wichtig und wertvoll die bestehenden <strong>Naherholungsgebiete<\/strong> sind, wurde den Teilnehmenden dann beim Zwischenstopp im Theresa-Tauscher Park nochmals in Erinnerung gerufen, weil die tolle Erholungsqualit\u00e4t durch den Bau einer \u00fcber 20 Meter breiten <strong>Hochleistungsstra\u00dfe<\/strong> massiv gest\u00f6rt w\u00fcrde. Beim n\u00e4chsten Stopp in Neu-Leopoldau wurde klar, wie wenig durchdacht es ist, zuerst 3.000 Menschen mit &#8222;Wohnen im Gr\u00fcnen&#8220; nach Neu-Leopoldau zu locken, um ihnen dann eine vierspurige Hochleistungsstra\u00dfe vor die Nase zu bauen. Intelligente und soziale Stadtplanung schaut anders aus!<\/p>\n\n\n\n<blockquote class=\"wp-block-quote is-layout-flow wp-block-quote-is-layout-flow\">\n<p>\u201eSoziale Verkehrspolitik f\u00fcr Floridsdorf heisst: mehr \u00d6ffis, mehr Radwege, mehr Gehwege und nicht eine teure vierspurige Hochleistungsstra\u00dfe nur f\u00fcr den Transitverkehr und Autopendelnde aus Nieder\u00f6sterreich\u201c<\/p>\n<cite><em>B\u00fcrgerinitiative \u201eNEIN zur B232\u201c<\/em><\/cite><\/blockquote>\n\n\n\n<p>Die Radfahrt f\u00fchrte mit der Regenfront im R\u00fccken dann noch \u00fcber die Petrischgasse zum Wald der jungen Wienerinnen und Wiener und weiter \u00fcber die Draugasse zur Stadtwildnis Grellgasse. Zum Abschluss wartete beim Ende der Draugasse im Freien Sitzb\u00e4nke und Tische, f\u00fcr die Kinder einen H\u00fcpfburg, und die Familien-Radfahrt klang bei Speis und Trank &#8211; trotz kurzen Regenguss &#8211; noch lange gem\u00fctlich aus.<\/p>\n\n\n\n<p><a href=\"https:\/\/www.dfz21.at\/dfz\/neuer-streit-um-den-ausbau-der-b232\/\" target=\"_blank\" rel=\"noreferrer noopener\">Dfz &#8211; Neuer Streit um den Ausbau der B232<\/a><\/p>\n","protected":false},"excerpt":{"rendered":"<p>Bei heraufziehender Sturmfront radelten 75 besorgte B\u00fcrgerinnen und B\u00fcrger aus Floridsdorf entlang der Trasse der vierspurigen Hochleistungsstra\u00dfe B232 und machten klar: soziale und leistbare Mobilit\u00e4t = mehr \u00d6ffis, mehr Radwege, mehr Gehwege<\/p>\n","protected":false},"author":1,"featured_media":1517,"comment_status":"closed","ping_status":"closed","sticky":false,"template":"","format":"standard","meta":{"_seopress_robots_primary_cat":"none","_seopress_titles_title":"%%post_title%% %%sep%% %%sitetitle%%","_seopress_titles_desc":"%%post_excerpt%%","_seopress_robots_index":"","footnotes":""},"categories":[39,1],"tags":[41,12,10,7],"class_list":["post-1407","post","type-post","status-publish","format-standard","has-post-thumbnail","hentry","category-aktiv-werden","category-allgemein","tag-aktiv-werden","tag-b232","tag-floridsdorf","tag-radverkehr","rsfv-has-video"],"_links":{"self":[{"href":"https:\/\/b232.at\/wordpress\/wp-json\/wp\/v2\/posts\/1407","targetHints":{"allow":["GET"]}}],"collection":[{"href":"https:\/\/b232.at\/wordpress\/wp-json\/wp\/v2\/posts"}],"about":[{"href":"https:\/\/b232.at\/wordpress\/wp-json\/wp\/v2\/types\/post"}],"author":[{"embeddable":true,"href":"https:\/\/b232.at\/wordpress\/wp-json\/wp\/v2\/users\/1"}],"replies":[{"embeddable":true,"href":"https:\/\/b232.at\/wordpress\/wp-json\/wp\/v2\/comments?post=1407"}],"version-history":[{"count":2,"href":"https:\/\/b232.at\/wordpress\/wp-json\/wp\/v2\/posts\/1407\/revisions"}],"predecessor-version":[{"id":1578,"href":"https:\/\/b232.at\/wordpress\/wp-json\/wp\/v2\/posts\/1407\/revisions\/1578"}],"wp:featuredmedia":[{"embeddable":true,"href":"https:\/\/b232.at\/wordpress\/wp-json\/wp\/v2\/media\/1517"}],"wp:attachment":[{"href":"https:\/\/b232.at\/wordpress\/wp-json\/wp\/v2\/media?parent=1407"}],"wp:term":[{"taxonomy":"category","embeddable":true,"href":"https:\/\/b232.at\/wordpress\/wp-json\/wp\/v2\/categories?post=1407"},{"taxonomy":"post_tag","embeddable":true,"href":"https:\/\/b232.at\/wordpress\/wp-json\/wp\/v2\/tags?post=1407"}],"curies":[{"name":"wp","href":"https:\/\/api.w.org\/{rel}","templated":true}]}}