{"id":1249,"date":"2021-12-06T11:01:00","date_gmt":"2021-12-06T10:01:00","guid":{"rendered":"https:\/\/b232.at\/wordpress\/?p=1249"},"modified":"2022-04-02T09:20:10","modified_gmt":"2022-04-02T07:20:10","slug":"300meter-hochleistungsstrasse","status":"publish","type":"post","link":"https:\/\/b232.at\/wordpress\/2021\/300meter-hochleistungsstrasse\/","title":{"rendered":"Ersten 300 Meter Hochleistungsstra\u00dfe ohne B\u00fcrgerbeteiligung bringen bef\u00fcrchtete Bodenversiegelung"},"content":{"rendered":"\n<p>Im Juni 2021 wurde der Bau des ersten St\u00fccks der <strong>Hochleistungsstrasse<\/strong> <strong>B232<\/strong> in der <strong>Hans-Czermak-Gasse<\/strong> beschlossen. Im Herbst fuhren die Bagger auf und die n\u00e4chsten 300 Meter der Hochleistungsstrasse B232 <a rel=\"noreferrer noopener\" href=\"https:\/\/b232.at\/wordpress\/2021\/faktencheck-b232\/\" target=\"_blank\">als Vorrangstra\u00dfe \u201ezur Beschleunigung des Durchzugsverkehrs&#8220;<\/a> wurden gebaut. <\/p>\n\n\n\n<blockquote class=\"wp-block-quote is-layout-flow wp-block-quote-is-layout-flow\"><p>&#8222;Die Stadt Wien will eine Stra\u00dfe bauen, um eine andere zu entlasten. Das ist wie einen Rausch mit Alkohol zu bek\u00e4mpfen: eine Schnapsidee.<\/p><cite>twitter.com\/gutenachtoe<\/cite><\/blockquote>\n\n\n<p>[s201_bai id=&#8220;3&#8243;]<\/p>\n\n\n\n<p>Das Ergebnis des Ausbaus der Hans-Czermak-Gasse wirkt auf den ersten Blick nicht dramatisch, hat aber aus Sicht der B\u00fcrgerinitiative Licht und Schatten.<\/p>\n\n\n\n<ul class=\"wp-block-list\"><li>positiv ist zu erw\u00e4hnen, dass der Ausbau nicht vierspurig erfolgt, wie <a rel=\"noreferrer noopener\" href=\"https:\/\/b232.at\/wordpress\/2021\/faktencheck-b232\/\" target=\"_blank\">zwei Drittel der anderen Hauptstra\u00dfen B in Florisdorf<\/a>. Was aber nicht heisst, das die derzeitigen Parkstreifen an beiden Seiten in Zukunft nicht in Fahrstreifen umgewandelt werden k\u00f6nnen.<\/li><li>positiv sind grunds\u00e4tzlich auch die beiden Radwege, die f\u00fcr Radfahrende aufgrund von Tempo 50 km\/h in der Hans-Czermak-Gasse aus Sicherheitsgr\u00fcnden notwendig sind.<\/li><li>negativ ist ganz klar die zus\u00e4tzliche <strong>Bodenversiegelung<\/strong> von rund 2.600 m<sup>2<\/sup> durch Fahrbahnverbreiterung, zus\u00e4tzlich asphaltierte Parkpl\u00e4tze, Radwege und Gehsteig. Es hat sich gezeigt, dass die im <a rel=\"noreferrer noopener\" href=\"https:\/\/b232.at\/wordpress\/2021\/faktencheck-b232\/\" target=\"_blank\">Fl\u00e4chenwidmungsplan gewidmeten 24 Meter<\/a> in der ganzen Breite ausgenutzt wurden, obwohl mit kluger Planung auch weniger Fl\u00e4che versiegelt h\u00e4tte werden k\u00f6nnen.<\/li><li>negativ ist die fehlende Geschwindigkeitsbegrenzung von <strong>Tempo 30<\/strong> km\/h in der Hans-Czermak-Gasse &#8211; eine Einladung zum Rasen in einer Wohngegend.<\/li><li>negativ ist auch die fehlende Einbeziehung der Anrainer und Anrainerinnen in die Planungen. Somit ist klar, dass die Wiener Stadtregierung ihr eigenes <a rel=\"noreferrer noopener\" href=\"https:\/\/b232.at\/wordpress\/2021\/kommt-die-b232\/\" target=\"_blank\">Koalitionsabkommen<\/a> nicht ernst nimmt.<\/li><\/ul>\n\n\n\n<blockquote class=\"wp-block-quote is-layout-flow wp-block-quote-is-layout-flow\"><p>\u201eWir legen Wert auf die verst\u00e4rkte Einbindung von zivilgesellschaftlichen Initiativen\u201c<\/p><cite>Wiener Stadtregierung, Koalitionsabkommen  S.102<\/cite><\/blockquote>\n\n\n\n<p>Mit einer intelligenteren Planung unter Einbeziehung der Anrainerinnen und Anrainer h\u00e4tte ein Umbau der Hans-Czermak-Gasse als Anliegerstrasse gut funktionieren k\u00f6nnen. Jetzt ist es ein erster Ausbau als Hochleistungsstrasse (Hauptstra\u00dfe B). Dass die Stadt Wien \u00fcber die Bedenken und Anliegen der B\u00fcrgerinnen und B\u00fcrger mit der Asphaltwalze dr\u00fcberf\u00e4hrt, zeigt sich auch bei der <a rel=\"noreferrer noopener\" href=\"https:\/\/b232.at\/wordpress\/2021\/hirschstetten-retten\/\" target=\"_blank\">vierspurigen Autobahnspange Aspern<\/a>. <\/p>\n\n\n\n<p>Als B\u00fcrgerinitiative werden wir uns auch weiterhin als B\u00fcrgerinnen und B\u00fcrger Floridsdorfs f\u00fcr die Naherholungsgebiet und gegen den Bau der vierspurigen Hochleistungsstra\u00dfe B232 einsetzen. Darum bleiben unsere Forderungen weiterhin aufrecht: <a rel=\"noreferrer noopener\" href=\"https:\/\/b232.at\/wordpress\/2019\/b232-ruckwidmen\/\" target=\"_blank\">1-2-3 und die B232 ist vorbei<\/a>.<\/p>\n","protected":false},"excerpt":{"rendered":"<p>mit dem Ausbau der Hans-Czermak-Gasse wurden die ersten 300 Meter der Hochleistungsstrasse B232 gebaut.<\/p>\n","protected":false},"author":1,"featured_media":1293,"comment_status":"closed","ping_status":"closed","sticky":false,"template":"","format":"standard","meta":{"_seopress_robots_primary_cat":"none","_seopress_titles_title":"%%post_title%% %%sep%% %%sitetitle%%","_seopress_titles_desc":"%%post_excerpt%%","_seopress_robots_index":"","footnotes":""},"categories":[1,35],"tags":[12,64,105,36,112],"class_list":["post-1249","post","type-post","status-publish","format-standard","has-post-thumbnail","hentry","category-allgemein","category-b232","tag-b232","tag-bodenversiegelung","tag-hans-czermak-gasse","tag-hochleistungsstrasse","tag-tempo-30"],"_links":{"self":[{"href":"https:\/\/b232.at\/wordpress\/wp-json\/wp\/v2\/posts\/1249","targetHints":{"allow":["GET"]}}],"collection":[{"href":"https:\/\/b232.at\/wordpress\/wp-json\/wp\/v2\/posts"}],"about":[{"href":"https:\/\/b232.at\/wordpress\/wp-json\/wp\/v2\/types\/post"}],"author":[{"embeddable":true,"href":"https:\/\/b232.at\/wordpress\/wp-json\/wp\/v2\/users\/1"}],"replies":[{"embeddable":true,"href":"https:\/\/b232.at\/wordpress\/wp-json\/wp\/v2\/comments?post=1249"}],"version-history":[{"count":3,"href":"https:\/\/b232.at\/wordpress\/wp-json\/wp\/v2\/posts\/1249\/revisions"}],"predecessor-version":[{"id":1318,"href":"https:\/\/b232.at\/wordpress\/wp-json\/wp\/v2\/posts\/1249\/revisions\/1318"}],"wp:featuredmedia":[{"embeddable":true,"href":"https:\/\/b232.at\/wordpress\/wp-json\/wp\/v2\/media\/1293"}],"wp:attachment":[{"href":"https:\/\/b232.at\/wordpress\/wp-json\/wp\/v2\/media?parent=1249"}],"wp:term":[{"taxonomy":"category","embeddable":true,"href":"https:\/\/b232.at\/wordpress\/wp-json\/wp\/v2\/categories?post=1249"},{"taxonomy":"post_tag","embeddable":true,"href":"https:\/\/b232.at\/wordpress\/wp-json\/wp\/v2\/tags?post=1249"}],"curies":[{"name":"wp","href":"https:\/\/api.w.org\/{rel}","templated":true}]}}