{"id":1199,"date":"2021-09-01T22:34:13","date_gmt":"2021-09-01T20:34:13","guid":{"rendered":"https:\/\/b232.at\/wordpress\/?p=1199"},"modified":"2021-09-01T22:34:18","modified_gmt":"2021-09-01T20:34:18","slug":"stadtpolitik","status":"publish","type":"post","link":"https:\/\/b232.at\/wordpress\/2021\/stadtpolitik\/","title":{"rendered":"Gute Gespr\u00e4che mit NEOS &#8211; magere Stellungnahme von SP\u00d6"},"content":{"rendered":"\n<p>Auf unsere Bitte an die f\u00fcr Verkehr zust\u00e4ndigen Politiker:innen beider Statdregierungsparteien hatte die BI &#8222;NEIN zur B232&#8220; ein sehr konstruktives Gespr\u00e4che mit Verkehrssprecherin Angelika Pipal-Leixner (NEOS). Seitens der Stadtr\u00e4tin Ulli Sima (SP\u00d6) kam eine magere Stellungnahme der Stadtverwaltung auf unsere Gespr\u00e4chsanfrage. Wir bleiben dran!<\/p>\n\n\n\n<h3 class=\"wp-block-heading\"><strong>Konstruktives Gespr\u00e4ch mit NEOS<\/strong><\/h3>\n\n\n\n<p>Im Juli hatten Vertreter:innen der B\u00fcrgerinitiative \u201eNEIN zur B232\u201c einen Gespr\u00e4chstermin mit Gemeinder\u00e4tin Angelika Pipal-Leixner und Bezirksr\u00e4tin Judith Lederer von den <a href=\"https:\/\/wien.neos.eu\/\">NEOS<\/a>. Das Gespr\u00e4ch verlief sehr konstruktiv und die Vorschl\u00e4ge und Ideen wurden intensiv diskutiert. Es stehe keine konkreten Baupl\u00e4ne f\u00fcr die Hochleistungsstra\u00dfe B232 an, wurde uns von Seitens der NEOS versichert. Aber auch eine schnelle Umsetzung der <a href=\"https:\/\/b232.at\/wordpress\/2019\/b232-ruckwidmen\/\">drei Kernforderung der BI \u201eNEIN zur B232\u201c<\/a> sei nicht in Sicht, da \u00c4nderungen im Fl\u00e4chenwidmungs- und Bebauungsplan oft zwei Jahre dauern und l\u00e4ngere Prozesse sind. Darum sind wir als B\u00fcrgerinitiative weiterhin der Meinung: jetzt mit der Umwidmung beginnen, damit die B232 in zwei Jahren Geschichte ist.<\/p>\n\n\n\n<blockquote class=\"wp-block-quote is-layout-flow wp-block-quote-is-layout-flow\"><p>\u201eJetzt mit der Umwidmung beginnen, damit die vierspurige Hochleistungsstra\u00dfe B232 in zwei Jahren Geschichte ist.\u201c<\/p><cite>B\u00fcrgerinitiative &#8222;NEIN zur B232&#8220;<\/cite><\/blockquote>\n\n\n\n<h3 class=\"wp-block-heading\"><strong>Magere Stellungnahme der SP\u00d6<\/strong><\/h3>\n\n\n\n<p>Unsere Anfrage f\u00fcr einen Gespr\u00e4chstermin mit Verkehrsstadtr\u00e4tin Ulli Sima (SP\u00d6) wurde bisher nur mit einer Email seitens der Stadtverwaltung beantwortet. Darin wurde uns mitgeteilt, dass die Hans-Czermak-Gasse nur in Form einer Aufschlie\u00dfungsstra\u00dfe ausgebaut werden soll. Das bedeutet \u201eein Fahrstreifen pro Richtung, Parkstreifen, beidseitige bauliche Einrichtungsradwege, Gehsteige und Gr\u00fcnfl\u00e4chen bzw. Baumscheiben teilweise mit neuen Baumpflanzungen\u201c. Wenn die Hans-Czermak-Gasse nur als Aufschlie\u00dfungsstra\u00dfe ausgebaut werden soll, dann ist es h\u00f6chste Zeit die Hans-Czermak-Gasse als <a href=\"https:\/\/b232.at\/wordpress\/2021\/faktencheck-b232\/\">Hauptstra\u00dfe B aus dem Wiener Landesstra\u00dfengesetz<\/a> heraus zu nehmen.<\/p>\n\n\n\n<p>Wir werden uns weiterhin um einen Gespr\u00e4chstermin bei Stadtr\u00e4tin Sima bem\u00fchen. <br>Bis dahin bitten wir weiterhin um Unterst\u00fctzung und um Eure <a href=\"https:\/\/b232.at\/wordpress\/unterschreiben\/\">Unterschrift gegen die vierspurige Hochleistungsstra\u00dfe B232<\/a>.<\/p>\n","protected":false},"excerpt":{"rendered":"<p>Auf unsere Bitte an die f\u00fcr Verkehr zust\u00e4ndigen Politiker:innen beider Statdregierungsparteien hatte die BI &#8222;NEIN zur B232&#8220; ein sehr konstruktives<\/p>\n","protected":false},"author":2,"featured_media":1202,"comment_status":"closed","ping_status":"closed","sticky":false,"template":"","format":"standard","meta":{"_seopress_robots_primary_cat":"none","_seopress_titles_title":"%%post_title%%","_seopress_titles_desc":"%%post_excerpt%%","_seopress_robots_index":"","footnotes":""},"categories":[38],"tags":[12,10,75,114],"class_list":["post-1199","post","type-post","status-publish","format-standard","has-post-thumbnail","hentry","category-alternativen","tag-b232","tag-floridsdorf","tag-hochleistungsstrasse-2","tag-stadtpolitik"],"_links":{"self":[{"href":"https:\/\/b232.at\/wordpress\/wp-json\/wp\/v2\/posts\/1199","targetHints":{"allow":["GET"]}}],"collection":[{"href":"https:\/\/b232.at\/wordpress\/wp-json\/wp\/v2\/posts"}],"about":[{"href":"https:\/\/b232.at\/wordpress\/wp-json\/wp\/v2\/types\/post"}],"author":[{"embeddable":true,"href":"https:\/\/b232.at\/wordpress\/wp-json\/wp\/v2\/users\/2"}],"replies":[{"embeddable":true,"href":"https:\/\/b232.at\/wordpress\/wp-json\/wp\/v2\/comments?post=1199"}],"version-history":[{"count":2,"href":"https:\/\/b232.at\/wordpress\/wp-json\/wp\/v2\/posts\/1199\/revisions"}],"predecessor-version":[{"id":1203,"href":"https:\/\/b232.at\/wordpress\/wp-json\/wp\/v2\/posts\/1199\/revisions\/1203"}],"wp:featuredmedia":[{"embeddable":true,"href":"https:\/\/b232.at\/wordpress\/wp-json\/wp\/v2\/media\/1202"}],"wp:attachment":[{"href":"https:\/\/b232.at\/wordpress\/wp-json\/wp\/v2\/media?parent=1199"}],"wp:term":[{"taxonomy":"category","embeddable":true,"href":"https:\/\/b232.at\/wordpress\/wp-json\/wp\/v2\/categories?post=1199"},{"taxonomy":"post_tag","embeddable":true,"href":"https:\/\/b232.at\/wordpress\/wp-json\/wp\/v2\/tags?post=1199"}],"curies":[{"name":"wp","href":"https:\/\/api.w.org\/{rel}","templated":true}]}}