{"id":1022,"date":"2022-02-02T12:56:00","date_gmt":"2022-02-02T11:56:00","guid":{"rendered":"https:\/\/b232.at\/wordpress\/?p=1022"},"modified":"2023-03-18T18:37:07","modified_gmt":"2023-03-18T17:37:07","slug":"faktencheck-b232","status":"publish","type":"post","link":"https:\/\/b232.at\/wordpress\/2022\/faktencheck-b232\/","title":{"rendered":"Faktencheck B232"},"content":{"rendered":"\n<p>Weil uns immer wieder gesagt wird &#8222;die B232 kommt doch nicht&#8220;, haben wir hier alle Mythen und Fakten zur Hochleistungsstra\u00dfe B232 in Wien Floridsdorf in unserem <strong>Faktencheck B232<\/strong> zusammengetragen.<\/p>\n\n\n\n<h3 class=\"wp-block-heading\" id=\"die-b232-ist-keine-hochleistungsstrasse\">Die B232 ist keine Hochleistungsstra\u00dfe<\/h3>\n\n\n\n<p>Das ist leider falsch. Die B232 ist als ehemalige Bundesstra\u00dfe seit 2002 eine Landesstra\u00dfe bzw. in Wien eine <a rel=\"noreferrer noopener\" href=\"https:\/\/www.wien.gv.at\/stadtentwicklung\/projekte\/verkehrsplanung\/strassen\/bundesstrassen\/hauptstrassen-ab.html\" target=\"_blank\">Hauptstra\u00dfe B<\/a>. Damit steht die B232 in der Stra\u00dfennetzhierarchie als Vorrangstra\u00dfe f\u00fcr den regionalen Verkehr gleich hinter einer Autobahn und dient laut Stra\u00dfenverkehrsordnung &#8222;<a rel=\"noreferrer noopener\" href=\"https:\/\/www.ris.bka.gv.at\/eli\/bgbl\/1960\/159\/P43\/NOR40216215?ResultFunctionToken=991e7969-97d8-4012-9e54-731995f800ba&amp;Position=101&amp;Abfrage=Bundesnormen&amp;Kundmachungsorgan=&amp;Index=&amp;Titel=&amp;Gesetzesnummer=&amp;VonArtikel=&amp;BisArtikel=&amp;VonParagraf=&amp;BisParagraf=&amp;VonAnlage=&amp;BisAnlage=&amp;Typ=&amp;Kundmachungsnummer=&amp;Unterzeichnungsdatum=&amp;FassungVom=02.04.2021&amp;VonInkrafttretedatum=&amp;BisInkrafttretedatum=&amp;VonAusserkrafttretedatum=&amp;BisAusserkrafttretedatum=&amp;NormabschnittnummerKombination=Und&amp;ImRisSeitVonDatum=&amp;ImRisSeitBisDatum=&amp;ImRisSeit=Undefined&amp;ResultPageSize=100&amp;Suchworte=StVO\" target=\"_blank\">zur Beschleunigung des Durchzugsverkehrs<\/a>&#8222;. Kurz gesagt eine <strong>Hochleistungsstra\u00dfe<\/strong>.<\/p>\n\n\n<p>[s201_bai id=&#8220;2&#8243;]<\/p>\n\n\n\n<h3 class=\"wp-block-heading\" id=\"die-b232-wird-nur-zweispurig-nicht-vierspurig\">Die B232 wird nur zweispurig nicht vierspurig<\/h3>\n\n\n\n<p>Kann sein, muss nicht sein. Ob eine Hauptstra\u00dfe B zwei- oder vierspurig ausgebaut wird, h\u00e4ngt von den Detailplanungen ab. Der Ausbaustandard der ehemaligen Bundesstra\u00dfen erfolgt in Wien in der Regel mit vier Fahrspuren &#8211; wie die Br\u00fcnner Stra\u00dfe (B7), die Prager Stra\u00dfe (B3) oder die Wagramer Stra\u00dfe (B8). Wie unsere Analysen zeigen, sind von den 23 Kilometer der Hauptstra\u00dfen B in Floridsdorf <strong>zwei Drittel nicht zweispurig<\/strong>.<\/p>\n\n\n\n<figure class=\"wp-block-table aligncenter is-style-stripes\"><table><thead><tr><th class=\"has-text-align-left\" data-align=\"left\">Hauptstra\u00dfe B<\/th><th class=\"has-text-align-center\" data-align=\"center\">zweispurig<\/th><th class=\"has-text-align-center\" data-align=\"center\">dreispurig<\/th><th class=\"has-text-align-center\" data-align=\"center\">vierspurig<\/th><th class=\"has-text-align-center\" data-align=\"center\">Summe<\/th><th class=\"has-text-align-center\" data-align=\"center\">Anteil nicht zweispurig<\/th><\/tr><\/thead><tbody><tr><td class=\"has-text-align-left\" data-align=\"left\">B3<\/td><td class=\"has-text-align-center\" data-align=\"center\">2,8 km<\/td><td class=\"has-text-align-center\" data-align=\"center\">&nbsp;<\/td><td class=\"has-text-align-center\" data-align=\"center\">5,0 km<\/td><td class=\"has-text-align-center\" data-align=\"center\"><em>7,8 km<\/em><\/td><td class=\"has-text-align-center\" data-align=\"center\">64%<\/td><\/tr><tr><td class=\"has-text-align-left\" data-align=\"left\">B7<\/td><td class=\"has-text-align-center\" data-align=\"center\">3,2 km<\/td><td class=\"has-text-align-center\" data-align=\"center\">0,9 km<\/td><td class=\"has-text-align-center\" data-align=\"center\">3,3 km<\/td><td class=\"has-text-align-center\" data-align=\"center\"><em>7,4 km<\/em><\/td><td class=\"has-text-align-center\" data-align=\"center\">57%<\/td><\/tr><tr><td class=\"has-text-align-left\" data-align=\"left\">B226<\/td><td class=\"has-text-align-center\" data-align=\"center\">0,4 km<\/td><td class=\"has-text-align-center\" data-align=\"center\">0,6 km<\/td><td class=\"has-text-align-center\" data-align=\"center\">1,4 km<\/td><td class=\"has-text-align-center\" data-align=\"center\"><em>2,3 km<\/em><\/td><td class=\"has-text-align-center\" data-align=\"center\">84%<\/td><\/tr><tr><td class=\"has-text-align-left\" data-align=\"left\">B229<\/td><td class=\"has-text-align-center\" data-align=\"center\">0,8 km<\/td><td class=\"has-text-align-center\" data-align=\"center\">&nbsp;<\/td><td class=\"has-text-align-center\" data-align=\"center\">3,7 km<\/td><td class=\"has-text-align-center\" data-align=\"center\"><em>4,5 km<\/em><\/td><td class=\"has-text-align-center\" data-align=\"center\">83%<\/td><\/tr><tr><td class=\"has-text-align-left\" data-align=\"left\"><em>Summe<\/em><\/td><td class=\"has-text-align-center\" data-align=\"center\"><em>7,1 km<\/em><\/td><td class=\"has-text-align-center\" data-align=\"center\"><em>1,5 km<\/em><\/td><td class=\"has-text-align-center\" data-align=\"center\"><em>13,3 km<\/em><\/td><td class=\"has-text-align-center\" data-align=\"center\"><em>21,9 km<\/em><\/td><td class=\"has-text-align-center\" data-align=\"center\"><em>68%<\/em><\/td><\/tr><\/tbody><\/table><\/figure>\n\n\n\n<p>Warum wir ziemlich sicher von einer vierspurigen Hochleistungsstra\u00dfe ausgehen: eine zweispurige Stra\u00dfen mit Radweg und Gehsteig ist 14 Meter breit (3,5 Meter pro Fahrspur \/ 1,5 Meter pro Radweg \/ 2 Meter pro Gehsteig; 2*3,5+2*1,5+2*2=14; Mindestbreiten laut <a rel=\"noreferrer noopener\" href=\"http:\/\/www.fsv.at\" target=\"_blank\">Richtlinien und Vorschriften des Stra\u00dfenwesen<\/a>). Im <a rel=\"noreferrer noopener\" href=\"https:\/\/www.wien.gv.at\/flaechenwidmung\/public\/start.aspx?lang=de-AT&amp;bookmark=OYSWRkx0gEZMS79DtMlMQ23-cOJYRKZKu9yG4k-atid2xyQ-axJewI-b\" target=\"_blank\">Fl\u00e4chenwidmungsplan ist die B232 aber mit 24-28 Meter Breite<\/a> festgelegt. <\/p>\n\n\n\n<p>Als zweispurige Stra\u00dfe kann die B232 auch als Nebenstra\u00dfe und nicht als Hauptstra\u00dfe B gebaut werden. Kurz gesagt, die B232 ist eine <strong>vierspurige Hochleistungsstra\u00dfe<\/strong>. Zum Vergleich, der Satzingerweg ist mit 12,5 Meter Breite im Bebauungsplan nur halb so breit gewidmet.<\/p>\n\n\n\n<figure class=\"wp-block-image size-full is-resized\"><img loading=\"lazy\" decoding=\"async\" src=\"https:\/\/b232.at\/wordpress\/wp-content\/uploads\/2021\/04\/BBPL_Satzingerweg_1080_680.png\" alt=\"Bebauungsplan mit 24-Meter-Verkehrsband-Widmung im Bereich Hans-Czermak-Gasse \" class=\"wp-image-1033\" width=\"540\" height=\"340\" srcset=\"https:\/\/b232.at\/wordpress\/wp-content\/uploads\/2021\/04\/BBPL_Satzingerweg_1080_680.png 1080w, https:\/\/b232.at\/wordpress\/wp-content\/uploads\/2021\/04\/BBPL_Satzingerweg_1080_680-270x170.png 270w, https:\/\/b232.at\/wordpress\/wp-content\/uploads\/2021\/04\/BBPL_Satzingerweg_1080_680-540x340.png 540w, https:\/\/b232.at\/wordpress\/wp-content\/uploads\/2021\/04\/BBPL_Satzingerweg_1080_680-135x85.png 135w, https:\/\/b232.at\/wordpress\/wp-content\/uploads\/2021\/04\/BBPL_Satzingerweg_1080_680-768x484.png 768w\" sizes=\"auto, (max-width: 540px) 100vw, 540px\" \/><figcaption class=\"wp-element-caption\">Bebauungsplan im Bereich Hans-Czermak-Gasse<\/figcaption><\/figure>\n\n\n\n<h3 class=\"wp-block-heading\" id=\"die-b232-ist-nicht-zwischen-tauschekgasse-und-stammersdorfer-strasse-geplant\">Die B232 ist nicht zwischen Tauschekgasse und Stammersdorfer Stra\u00dfe geplant<\/h3>\n\n\n\n<p>Ja und Nein. Richtig ist, dass die B232 seit 2015 im Wiener Landesstra\u00dfengesetz (<a href=\"https:\/\/ris.bka.gv.at\/Dokumente\/Gemeinderecht\/GEMRE_WI_90101_V001_115_2021\/GEMRE_WI_90101_V001_115_2021.html\">Verordnung des Gemeinderats zur Feststellung von Haupt- und Nebenstra\u00dfen<\/a>) als Hauptstra\u00dfe B nur mehr bis zur Tauschekgasse festgelegt ist. Aber im Fl\u00e4chenwidmungsplan ist weiterhin das <a rel=\"noreferrer noopener\" href=\"https:\/\/www.wien.gv.at\/flaechenwidmung\/public\/start.aspx?lang=de-AT&amp;bookmark=c5iORkyokUabWI5F8u0YRW3-cOFYbRqRIut6HLIl7deS62B2b3Jy0Jw-b-b\" target=\"_blank\">28 Meter breite Verkehrsband (VB)<\/a> zwischen Tauschekgasse und Stammersdorfer Stra\u00dfe verordnet. Kurz gesagt die B232 als <strong>vierspurige Hochleistungsstra\u00dfe<\/strong> f\u00fchrt im Fl\u00e4chenwidmungsplan (noch) von der <strong>Hans-Czermak-Gasse<\/strong> bis zur <strong>Stammersdorfer Stra\u00dfe<\/strong>.<\/p>\n\n\n\n<figure class=\"wp-block-image size-full is-resized\"><img loading=\"lazy\" decoding=\"async\" src=\"https:\/\/b232.at\/wordpress\/wp-content\/uploads\/2019\/07\/flaechenwidmungsplan2.jpg\" alt=\"Auszug aus dem Fl\u00e4chenwidmungsplan im n\u00f6rdlichen Abschnitt der geplanten B232\" class=\"wp-image-563\" width=\"539\" height=\"340\"\/><figcaption class=\"wp-element-caption\">Die Streckenf\u00fchrung der B232 ist als Verkehrsband (VB) im Fl\u00e4chenwidmungsplan gewidmet.<\/figcaption><\/figure>\n\n\n\n<h3 class=\"wp-block-heading\" id=\"aber-die-b232-entlastet-den-verkehr-in-der-hans-czermak-gasse\">Aber die B232 entlastet den Verkehr in der Hans-Czermak-Gasse<\/h3>\n\n\n\n<p>Durch die Bebauung der Schichtgr\u00fcnde ist der Parkdruck in der Hans-Czermak-Gasse stark angewachsen. Die Hans-Czermak-Gasse ist eine Zufahrtsstra\u00dfe f\u00fcr die Wohngebiete auf den Schichtgr\u00fcnden, am Satzingerweg (Edelsteinsiedlung) sowie Kefedergrund. Um den Durchzugsverkehr zu bremsen, soll auf der Hans-Czermark-Gasse sowie am Satzingerweg Tempo 30 km\/h gelten. Die Hans-Czermak-Gasse soll sowie jede Nebenstra\u00dfe in einem Wohngebiet mit ordentlichen Gehsteigen ausgestattet werden, braucht aber keinen Ausbau als Hochleistungsstra\u00dfe B232.    <\/p>\n\n\n\n<h3 class=\"wp-block-heading\" id=\"die-b232-entlastet-die-ruthnergasse-und-gerasdorfer-strasse\">Die B232 entlastet die Ruthnergasse und Gerasdorfer Stra\u00dfe<\/h3>\n\n\n\n<p>Die Verkehrswissenschaft zeigt ganz klar den Zusammenhang, dass neue Hauptstra\u00dfen nur kurzfristig eine Entlastung bringen, aber <strong>langfristig mehr Auto- und Lkw-Verkehr anziehen<\/strong>. Zus\u00e4tzlich geht mit der Einf\u00fchrung des <strong>Parkpickerls<\/strong> des in Floridsdorf 2022 der Autopendlerverkehr aus Nieder\u00f6sterreich stark zur\u00fcck, und der Bedarf einer zus\u00e4tzlichen vierspurigen Hochleistungsstra\u00dfe ist nicht mehr gegeben. Mit einer zus\u00e4tzlichen Hochleistungsstra\u00dfe B232 zwischen Stammersdorfer Stra\u00dfe und Tauschekgasse werden auch die Hauptstra\u00dfen Gerasdorfer Stra\u00dfe und Ruthnergasse <strong>als Zubringer zur B232<\/strong> weiterhin stark mit Verkehr belastet sein. Da eine eine Hauptstra\u00dfe B wie die Hochleistungsstra\u00dfe B232 ohne Auffahrt keinen Sinn macht, werden dann sehr wahrscheinlich die <strong>Katharina-Scheiter-Gasse<\/strong> und <strong>Lavantgasse<\/strong> f\u00fcr den <strong>Kfz-Durchzugsverkehr ge\u00f6ffnet<\/strong>. F\u00fcr eine Entlastung der Ruthnergasse und Gerasdorfer Stra\u00dfe ist der <a rel=\"noreferrer noopener\" href=\"https:\/\/b232.at\/wordpress\/2018\/unsere-forderungen\/\" target=\"_blank\"><strong>Ausbau des \u00d6ffentlichen Verkehrs<\/strong>, konsequenter <strong>L\u00fcckenschluss im Radwegenetz<\/strong><\/a> sowie Tempo 30 km\/h auch auf Hauptstra\u00dfen in Wohngebieten und vor Schulen notwendig.  <\/p>\n\n\n\n<h3 class=\"wp-block-heading\" id=\"wir-brauchen-hochrangige-strassen-wie-die-b232-weil-der-verkehr-zunimmt\">Wir brauchen hochrangige Stra\u00dfen wie die B232, weil der Verkehr zunimmt<\/h3>\n\n\n\n<p>Floridsdorf w\u00e4chst und die Gr\u00fcngebiete werden immer weniger. Mehr Menschen in Floridsdorf muss aber nicht automatisch mehr Autoverkehr hei\u00dfen. So hat trotz Bev\u00f6lkerungswachstum in Floridsdorf der <a href=\"https:\/\/b232.at\/wordpress\/2018\/6-weniger-kfz-fahrten-in-floridsdorf\/\">Kraftfahrzeugverkehr abgenommen<\/a>. Wie das geht? Immer mehr Wienerinnen und Wiener sind mit den \u00d6ffis, zu Fu\u00df oder mit dem Fahrrad unterwegs. Nur mehr <a href=\"https:\/\/b232.at\/wordpress\/2021\/weniger-autonutzung\/\">16% der in Wien wohnenden Menschen nutzen das Auto t\u00e4glich<\/a>. Zugenommen haben aber die <strong>Autopendelnde aus Nieder\u00f6sterreich<\/strong>, darum sind Floridsdorfs Stra\u00dfen weiterhin voller Autos.<\/p>\n\n\n\n<p><a class=\"more-link\" href=\"https:\/\/b232.at\/wordpress\/unterschreiben\">Jetzt unterschreiben &#8222;NEIN zur B232&#8220;<\/a><\/p>\n\n\n\n<h3 class=\"wp-block-heading\" id=\"noch-fragen\">Noch Fragen?<\/h3>\n\n\n\n<p>Noch Fragen rund um die B232 offen? Schreib uns gerne deine Fragen an <a rel=\"noreferrer noopener\" href=\"mailto:info@b232.at\" target=\"_blank\">info@b232.at<\/a>, wir versuchen jede Frage mit Fakten zu beantworten.<\/p>\n\n\n\n<hr class=\"wp-block-separator has-css-opacity\"\/>\n\n\n\n<p><a rel=\"noreferrer noopener\" href=\"https:\/\/www.dfz21.at\/dfz\/b232-vierspurig-papai-ueber-flugblatt-veraergert-eine-luege\/\" target=\"_blank\">DfZ 03\/2021 &#8222;B232 vierspurig? Papai \u00fcber Flugblatt ver\u00e4rgert: &#8218;Eine L\u00fcge!'&#8220;<\/a><\/p>\n\n\n\n<p><a href=\"https:\/\/b232.at\/wordpress\/2020\/bezirksvertretung-floridsdorf\/\">Bezirksvertretung Floridsdorf: Neos und Gr\u00fcne sagen &#8222;Nein zur B232&#8220;<\/a><\/p>\n\n\n\n<p><a href=\"https:\/\/www.dfz21.at\/dfz\/b232-alte-idee-fuer-neuen-strassenzug-quer-durch-21-bezirk\/\" target=\"_blank\" rel=\"noreferrer noopener\">DfZ 01\/2018 &#8222;B232 &#8211; alte Ideen f\u00fcr neuen Stra\u00dfenzug quer durch 21. Bezirk!&#8220;<\/a><\/p>\n","protected":false},"excerpt":{"rendered":"<p>Weil uns immer wieder gesagt wird &#8222;die B232 kommt doch nicht&#8220;, haben wir hier alle Mythen und Fakten zur Hochleistungsstra\u00dfe<\/p>\n","protected":false},"author":1,"featured_media":1076,"comment_status":"closed","ping_status":"closed","sticky":false,"template":"","format":"standard","meta":{"_seopress_robots_primary_cat":"none","_seopress_titles_title":"%%post_title%%","_seopress_titles_desc":"%%post_excerpt%%","_seopress_robots_index":"","footnotes":""},"categories":[35],"tags":[12,99,80,98,75,125],"class_list":["post-1022","post","type-post","status-publish","format-standard","has-post-thumbnail","hentry","category-b232","tag-b232","tag-faktencheck","tag-flaechenwidmungsplan","tag-hauptstrasse-b","tag-hochleistungsstrasse-2","tag-klima-highway"],"_links":{"self":[{"href":"https:\/\/b232.at\/wordpress\/wp-json\/wp\/v2\/posts\/1022","targetHints":{"allow":["GET"]}}],"collection":[{"href":"https:\/\/b232.at\/wordpress\/wp-json\/wp\/v2\/posts"}],"about":[{"href":"https:\/\/b232.at\/wordpress\/wp-json\/wp\/v2\/types\/post"}],"author":[{"embeddable":true,"href":"https:\/\/b232.at\/wordpress\/wp-json\/wp\/v2\/users\/1"}],"replies":[{"embeddable":true,"href":"https:\/\/b232.at\/wordpress\/wp-json\/wp\/v2\/comments?post=1022"}],"version-history":[{"count":3,"href":"https:\/\/b232.at\/wordpress\/wp-json\/wp\/v2\/posts\/1022\/revisions"}],"predecessor-version":[{"id":1606,"href":"https:\/\/b232.at\/wordpress\/wp-json\/wp\/v2\/posts\/1022\/revisions\/1606"}],"wp:featuredmedia":[{"embeddable":true,"href":"https:\/\/b232.at\/wordpress\/wp-json\/wp\/v2\/media\/1076"}],"wp:attachment":[{"href":"https:\/\/b232.at\/wordpress\/wp-json\/wp\/v2\/media?parent=1022"}],"wp:term":[{"taxonomy":"category","embeddable":true,"href":"https:\/\/b232.at\/wordpress\/wp-json\/wp\/v2\/categories?post=1022"},{"taxonomy":"post_tag","embeddable":true,"href":"https:\/\/b232.at\/wordpress\/wp-json\/wp\/v2\/tags?post=1022"}],"curies":[{"name":"wp","href":"https:\/\/api.w.org\/{rel}","templated":true}]}}